{"id":342,"date":"2013-03-18T13:32:44","date_gmt":"2013-03-18T02:32:44","guid":{"rendered":"http:\/\/kiwanisnc-sudouest.org\/?p=342"},"modified":"2021-09-09T13:36:43","modified_gmt":"2021-09-09T02:36:43","slug":"interclub-en-pays-genevois","status":"publish","type":"post","link":"https:\/\/kiwanisnc-sudouest.org\/index.php\/2013\/03\/18\/interclub-en-pays-genevois\/","title":{"rendered":"Interclub en pays Genevois"},"content":{"rendered":"<p>Lors de ces cong\u00e9s vers sa famille en Haute-Savoie , notre secr\u00e9taire\u00a0 a particip\u00e9 en ce mois de mars 2013 \u00e0 une r\u00e9union statutaire du club Kiwanis Annemasse-Genevois-Sal\u00e8ve ( AGS) et partag\u00e9 le repas qui suivait, instants au cours desquels les \u00e9changes de vues sur les probl\u00e8mes rencontr\u00e9s, les types d&rsquo;actions propos\u00e9es, l&rsquo;implication des membres b\u00e9n\u00e9voles ont permis un constat : nous avons tous les m\u00eames.<\/p>\n<p>Et m\u00eame si la pr\u00e9sence de Gen\u00e8ve,\u00a0 capitale du canton du m\u00eame nom limitrophe \u00e0 la Haute-Savoie, peut faire esp\u00e9rer plus de possibilit\u00e9s quant au public int\u00e9ress\u00e9, la probl\u00e9matique \u00e9conomique reste un soucis international<\/p>\n<p><img loading=\"lazy\" decoding=\"async\" class=\"alignnone size-medium wp-image-613\" src=\"https:\/\/kiwanisnc-sudouest.org\/wp-content\/uploads\/2013\/03\/10850305_10153212049732918_1981247918767208846_n-300x200.jpg\" alt=\"\" width=\"300\" height=\"200\" data-id=\"613\" srcset=\"https:\/\/kiwanisnc-sudouest.org\/wp-content\/uploads\/2013\/03\/10850305_10153212049732918_1981247918767208846_n-300x200.jpg 300w, https:\/\/kiwanisnc-sudouest.org\/wp-content\/uploads\/2013\/03\/10850305_10153212049732918_1981247918767208846_n-768x511.jpg 768w, https:\/\/kiwanisnc-sudouest.org\/wp-content\/uploads\/2013\/03\/10850305_10153212049732918_1981247918767208846_n.jpg 960w\" sizes=\"(max-width: 300px) 100vw, 300px\" \/> <img loading=\"lazy\" decoding=\"async\" class=\"size-medium wp-image-614 alignright\" src=\"https:\/\/kiwanisnc-sudouest.org\/wp-content\/uploads\/2013\/03\/10623331_10152920363137918_1151021671913112788_o-185x300.jpg\" alt=\"\" width=\"185\" height=\"300\" data-id=\"614\" srcset=\"https:\/\/kiwanisnc-sudouest.org\/wp-content\/uploads\/2013\/03\/10623331_10152920363137918_1151021671913112788_o-185x300.jpg 185w, https:\/\/kiwanisnc-sudouest.org\/wp-content\/uploads\/2013\/03\/10623331_10152920363137918_1151021671913112788_o.jpg 593w\" sizes=\"(max-width: 185px) 100vw, 185px\" \/><\/p>\n<p>L&rsquo;\u00e9change des fanions \u00e0 cl\u00f4turer la r\u00e9union et concr\u00e9tis\u00e9 cet inter-club \u00e0 plus de 20.000 km des terres de notre club.<\/p>\n<p><img loading=\"lazy\" decoding=\"async\" class=\"alignleft wp-image-170\" src=\"https:\/\/kiwanisnc-sudouest.org\/wp-content\/uploads\/2018\/05\/interclub-annemasse-300x153.jpg\" alt=\"\" width=\"355\" height=\"181\" data-id=\"170\" srcset=\"https:\/\/kiwanisnc-sudouest.org\/wp-content\/uploads\/2018\/05\/interclub-annemasse-300x153.jpg 300w, https:\/\/kiwanisnc-sudouest.org\/wp-content\/uploads\/2018\/05\/interclub-annemasse-768x393.jpg 768w, https:\/\/kiwanisnc-sudouest.org\/wp-content\/uploads\/2018\/05\/interclub-annemasse.jpg 960w\" sizes=\"(max-width: 355px) 100vw, 355px\" \/><\/p>\n<p>L&rsquo;ambiance y a \u00e9t\u00e9 aussi conviviale que la m\u00e9t\u00e9o \u00e9tait fra\u00eeche, il n&rsquo;y a qu&rsquo; regarder ce que notre secr\u00e9taire portait comme pull \u00e0 col roul\u00e9 pour cet inter-club!<\/p>\n<p>Et oui, m\u00eame originaire de Haute-Savoie, on s&rsquo;habitue trop \u00e0 la chaleur du Pacifique!!!<\/p>\n","protected":false},"excerpt":{"rendered":"<p>Lors de ces cong\u00e9s vers sa famille en Haute-Savoie , notre secr\u00e9taire\u00a0 a particip\u00e9 en ce mois de mars 2013 \u00e0 une r\u00e9union statutaire du club Kiwanis Annemasse-Genevois-Sal\u00e8ve ( AGS) et partag\u00e9 le repas qui suivait, instants au cours desquels les \u00e9changes de vues sur les probl\u00e8mes rencontr\u00e9s, les types d&rsquo;actions propos\u00e9es, l&rsquo;implication des membres [&hellip;]<\/p>\n","protected":false},"author":1,"featured_media":0,"comment_status":"open","ping_status":"open","sticky":false,"template":"","format":"standard","meta":{"saved_in_kubio":false,"_jetpack_memberships_contains_paid_content":false,"footnotes":""},"categories":[1],"tags":[],"class_list":["post-342","post","type-post","status-publish","format-standard","hentry","category-non-classe"],"jetpack_sharing_enabled":true,"colors":{"color":"22201b","contrast":"255,255,255","custom":false},"jetpack_featured_media_url":"","views":"","_links":{"self":[{"href":"https:\/\/kiwanisnc-sudouest.org\/index.php\/wp-json\/wp\/v2\/posts\/342","targetHints":{"allow":["GET"]}}],"collection":[{"href":"https:\/\/kiwanisnc-sudouest.org\/index.php\/wp-json\/wp\/v2\/posts"}],"about":[{"href":"https:\/\/kiwanisnc-sudouest.org\/index.php\/wp-json\/wp\/v2\/types\/post"}],"author":[{"embeddable":true,"href":"https:\/\/kiwanisnc-sudouest.org\/index.php\/wp-json\/wp\/v2\/users\/1"}],"replies":[{"embeddable":true,"href":"https:\/\/kiwanisnc-sudouest.org\/index.php\/wp-json\/wp\/v2\/comments?post=342"}],"version-history":[{"count":8,"href":"https:\/\/kiwanisnc-sudouest.org\/index.php\/wp-json\/wp\/v2\/posts\/342\/revisions"}],"predecessor-version":[{"id":615,"href":"https:\/\/kiwanisnc-sudouest.org\/index.php\/wp-json\/wp\/v2\/posts\/342\/revisions\/615"}],"wp:attachment":[{"href":"https:\/\/kiwanisnc-sudouest.org\/index.php\/wp-json\/wp\/v2\/media?parent=342"}],"wp:term":[{"taxonomy":"category","embeddable":true,"href":"https:\/\/kiwanisnc-sudouest.org\/index.php\/wp-json\/wp\/v2\/categories?post=342"},{"taxonomy":"post_tag","embeddable":true,"href":"https:\/\/kiwanisnc-sudouest.org\/index.php\/wp-json\/wp\/v2\/tags?post=342"}],"curies":[{"name":"wp","href":"https:\/\/api.w.org\/{rel}","templated":true}]}}